{"id":1646,"date":"2024-05-01T08:14:00","date_gmt":"2024-05-01T06:14:00","guid":{"rendered":"https:\/\/hamntesbaskets.fr\/hamntesbaskets\/?p=1646"},"modified":"2024-04-30T22:49:31","modified_gmt":"2024-04-30T20:49:31","slug":"belle-reussite-pour-cette-8eme-edition","status":"publish","type":"post","link":"https:\/\/hamntesbaskets.fr\/hamntesbaskets\/belle-reussite-pour-cette-8eme-edition\/","title":{"rendered":"Belle r\u00e9ussite pour cette 8\u00e8me \u00e9dition !"},"content":{"rendered":"\t\t<div data-elementor-type=\"wp-post\" data-elementor-id=\"1646\" class=\"elementor elementor-1646\">\n\t\t\t\t<div class=\"elementor-element elementor-element-19bb6aa e-flex e-con-boxed wpr-particle-no wpr-jarallax-no wpr-parallax-no wpr-sticky-section-no e-con e-parent\" data-id=\"19bb6aa\" data-element_type=\"container\">\n\t\t\t\t\t<div class=\"e-con-inner\">\n\t\t\t\t<div class=\"elementor-element elementor-element-4148dcc elementor-widget__width-initial elementor-widget elementor-widget-image\" data-id=\"4148dcc\" data-element_type=\"widget\" data-widget_type=\"image.default\">\n\t\t\t\t<div class=\"elementor-widget-container\">\n\t\t\t\t\t\t\t\t\t\t\t\t\t\t\t<img fetchpriority=\"high\" decoding=\"async\" width=\"768\" height=\"509\" src=\"https:\/\/hamntesbaskets.fr\/hamntesbaskets\/wp-content\/uploads\/2024\/05\/DSC_1830-768x509.jpg\" class=\"attachment-medium_large size-medium_large wp-image-1649\" alt=\"\" srcset=\"https:\/\/hamntesbaskets.fr\/hamntesbaskets\/wp-content\/uploads\/2024\/05\/DSC_1830-768x509.jpg 768w, https:\/\/hamntesbaskets.fr\/hamntesbaskets\/wp-content\/uploads\/2024\/05\/DSC_1830-300x199.jpg 300w, https:\/\/hamntesbaskets.fr\/hamntesbaskets\/wp-content\/uploads\/2024\/05\/DSC_1830-1024x678.jpg 1024w, https:\/\/hamntesbaskets.fr\/hamntesbaskets\/wp-content\/uploads\/2024\/05\/DSC_1830-1536x1017.jpg 1536w, https:\/\/hamntesbaskets.fr\/hamntesbaskets\/wp-content\/uploads\/2024\/05\/DSC_1830-2048x1356.jpg 2048w\" sizes=\"(max-width: 768px) 100vw, 768px\" \/>\t\t\t\t\t\t\t\t\t\t\t\t\t\t\t<\/div>\n\t\t\t\t<\/div>\n\t\t\t\t<div class=\"elementor-element elementor-element-036d4e1 elementor-widget elementor-widget-text-editor\" data-id=\"036d4e1\" data-element_type=\"widget\" data-widget_type=\"text-editor.default\">\n\t\t\t\t<div class=\"elementor-widget-container\">\n\t\t\t\t\t\t\t\t\t<p>Cette 8\u00e8me \u00e9dition d\u00e9di\u00e9e \u00e0 notre Ham&rsquo;i b\u00e9n\u00e9vole Eric d\u00e9c\u00e9d\u00e9 en aout 2023 a \u00e9t\u00e9 une belle r\u00e9ussite.\u00a0<\/p><p>696 participants ont foul\u00e9 le sol d&rsquo;Ham en Artois sur les diff\u00e9rentes course et marches, ce qui en fait un record de participation !\u00a0<\/p><ul><li>\u00a0475 marcheurs\/trailers : 213 sur le 25km \/ 147 sur le 15km \/ 115 sur le 7km<\/li><li>221 coureurs : 101 sur le 10km \/ 58 sur le 5km \/ 15 sur le 2500m \/ 6 sur le 1300m \/ 41 sur le 750m.<\/li><\/ul><p>Pour cette 8\u00e8me \u00e9dition, Ham&rsquo;N tes baskets a connu ses premi\u00e8res gouttes de pluie mais heureusement tr\u00e8s peu mais beaucoup de vent et un froid assez persistant, une m\u00e9t\u00e9o pas tr\u00e8s favorable aux performances chronom\u00e9triques.\u00a0<\/p><p>Les Marcheurs\/trailers sont venus en nombre des quatre coins de la r\u00e9gion, ils ont \u00e9t\u00e9 conquis par les parcours propos\u00e9s ainsi que la qualit\u00e9 des ravitaillements. Les retours sont tr\u00e8s positifs, merci \u00e0 tous pour votre participation et bonne humeur !<\/p><p>Nous avions promis de remettre 1 euro par inscription aux marches \u00e0 l&rsquo;association Un grand OUI pour Louis, ce que nous avons fait avec la remise d&rsquo;un ch\u00e8que de 475euros.\u00a0<\/p>\t\t\t\t\t\t\t\t<\/div>\n\t\t\t\t<\/div>\n\t\t\t\t<div class=\"elementor-element elementor-element-fb8f99b elementor-widget__width-initial elementor-widget elementor-widget-image\" data-id=\"fb8f99b\" data-element_type=\"widget\" data-widget_type=\"image.default\">\n\t\t\t\t<div class=\"elementor-widget-container\">\n\t\t\t\t\t\t\t\t\t\t\t\t\t\t\t<img decoding=\"async\" width=\"1024\" height=\"768\" src=\"https:\/\/hamntesbaskets.fr\/hamntesbaskets\/wp-content\/uploads\/2024\/05\/IMG_2245-1024x768.jpeg\" class=\"attachment-large size-large wp-image-1650\" alt=\"\" srcset=\"https:\/\/hamntesbaskets.fr\/hamntesbaskets\/wp-content\/uploads\/2024\/05\/IMG_2245-1024x768.jpeg 1024w, https:\/\/hamntesbaskets.fr\/hamntesbaskets\/wp-content\/uploads\/2024\/05\/IMG_2245-300x225.jpeg 300w, https:\/\/hamntesbaskets.fr\/hamntesbaskets\/wp-content\/uploads\/2024\/05\/IMG_2245-768x576.jpeg 768w, https:\/\/hamntesbaskets.fr\/hamntesbaskets\/wp-content\/uploads\/2024\/05\/IMG_2245-1536x1152.jpeg 1536w, https:\/\/hamntesbaskets.fr\/hamntesbaskets\/wp-content\/uploads\/2024\/05\/IMG_2245.jpeg 2000w\" sizes=\"(max-width: 1024px) 100vw, 1024px\" \/>\t\t\t\t\t\t\t\t\t\t\t\t\t\t\t<\/div>\n\t\t\t\t<\/div>\n\t\t\t\t<div class=\"elementor-element elementor-element-3e266cc elementor-widget elementor-widget-text-editor\" data-id=\"3e266cc\" data-element_type=\"widget\" data-widget_type=\"text-editor.default\">\n\t\t\t\t<div class=\"elementor-widget-container\">\n\t\t\t\t\t\t\t\t\t<p>Un grand MERCI \u00e0 tous les participants, b\u00e9n\u00e9voles, sponsors, municipalit\u00e9, la CABBALR, les services techniques de Lillers et l&rsquo;asso Sur les traces de David. Gr\u00e2ce \u00e0 vous tous, cette journ\u00e9e a \u00e9t\u00e9 magique !\u00a0<\/p><p>Toutes les photos de cette belle matin\u00e9e sont \u00e0 retrouver <a href=\"https:\/\/hamntesbaskets.fr\/hamntesbaskets\/photos\/\">ICI<\/a>. Merci \u00e0 nos photographes Calypso et St\u00e9phane.<\/p><p>Les r\u00e9sultats des courses sont \u00e0 retrouver <a href=\"https:\/\/hamntesbaskets.fr\/hamntesbaskets\/resultats\/\">ICI<\/a>. Bravo \u00e0 tous pour votre performance! Pour nous le dernier a autant de m\u00e9rite que le premier.\u00a0<\/p>\t\t\t\t\t\t\t\t<\/div>\n\t\t\t\t<\/div>\n\t\t\t\t<div class=\"elementor-element elementor-element-2b9e3bd elementor-widget elementor-widget-text-editor\" data-id=\"2b9e3bd\" data-element_type=\"widget\" data-widget_type=\"text-editor.default\">\n\t\t\t\t<div class=\"elementor-widget-container\">\n\t\t\t\t\t\t\t\t\t<div dir=\"auto\"><span style=\"text-decoration: underline;\">R\u00e9sultats Course 5km F\u00e9minin :<\/span><\/div><div dir=\"auto\"><span class=\"x3nfvp2 x1j61x8r x1fcty0u xdj266r xhhsvwb xat24cr xgzva0m xxymvpz xlup9mm x1kky2od\"><img decoding=\"async\" class=\"xz74otr\" src=\"https:\/\/static.xx.fbcdn.net\/images\/emoji.php\/v9\/t59\/2\/16\/31_20e3.png\" alt=\"1\ufe0f\u20e3\" width=\"16\" height=\"16\" \/><\/span>Lorine CHRETIEN 18min59 : record de l\u2019\u00e9preuve et record personnel<\/div><div dir=\"auto\">. En 2023 elle avait r\u00e9alis\u00e9 un chrono de 22min06. Certes le parcours \u00e9tait un peu plus rapide mais Lorine a tr\u00e8s bien progress\u00e9 en 1 an !<\/div><div dir=\"auto\"><span class=\"x3nfvp2 x1j61x8r x1fcty0u xdj266r xhhsvwb xat24cr xgzva0m xxymvpz xlup9mm x1kky2od\"><img loading=\"lazy\" decoding=\"async\" class=\"xz74otr\" src=\"https:\/\/static.xx.fbcdn.net\/images\/emoji.php\/v9\/t78\/2\/16\/32_20e3.png\" alt=\"2\ufe0f\u20e3\" width=\"16\" height=\"16\" \/><\/span>Gaelle SCALABRE 20min06 : elle d\u00e9tenait le record de l\u2019\u00e9preuve en 19min56 en 2016. Apr\u00e8s un arr\u00eat elle revient \u00e0 son meilleur niveau.<\/div><div dir=\"auto\"><span class=\"x3nfvp2 x1j61x8r x1fcty0u xdj266r xhhsvwb xat24cr xgzva0m xxymvpz xlup9mm x1kky2od\"><img loading=\"lazy\" decoding=\"async\" class=\"xz74otr\" src=\"https:\/\/static.xx.fbcdn.net\/images\/emoji.php\/v9\/t97\/2\/16\/33_20e3.png\" alt=\"3\ufe0f\u20e3\" width=\"16\" height=\"16\" \/><\/span>Celestine TROUESSIN 23min18 : pas tr\u00e8s loin de son record perso de 23min09.\u00a0<\/div><div dir=\"auto\"><div dir=\"auto\"><span style=\"text-decoration: underline;\">R\u00e9sultats 5km masculin :<\/span><\/div><div dir=\"auto\"><span class=\"x3nfvp2 x1j61x8r x1fcty0u xdj266r xhhsvwb xat24cr xgzva0m xxymvpz xlup9mm x1kky2od\"><img decoding=\"async\" class=\"xz74otr\" src=\"https:\/\/static.xx.fbcdn.net\/images\/emoji.php\/v9\/t59\/2\/16\/31_20e3.png\" alt=\"1\ufe0f\u20e3\" width=\"16\" height=\"16\" \/><\/span>Sebastien BERTHE 16min41 : son record perso est de 16min15 r\u00e9alis\u00e9 en mars dernier \u00e0 Lille.<\/div><div dir=\"auto\"><span class=\"x3nfvp2 x1j61x8r x1fcty0u xdj266r xhhsvwb xat24cr xgzva0m xxymvpz xlup9mm x1kky2od\"><img loading=\"lazy\" decoding=\"async\" class=\"xz74otr\" src=\"https:\/\/static.xx.fbcdn.net\/images\/emoji.php\/v9\/t78\/2\/16\/32_20e3.png\" alt=\"2\ufe0f\u20e3\" width=\"16\" height=\"16\" \/><\/span>Yann DEGRAEVE 16min 42 : vainqueur l\u2019an dernier en \u202616min42 il r\u00e9alise exactement le m\u00eame chrono !<\/div><div dir=\"auto\"><span class=\"x3nfvp2 x1j61x8r x1fcty0u xdj266r xhhsvwb xat24cr xgzva0m xxymvpz xlup9mm x1kky2od\"><img loading=\"lazy\" decoding=\"async\" class=\"xz74otr\" src=\"https:\/\/static.xx.fbcdn.net\/images\/emoji.php\/v9\/t97\/2\/16\/33_20e3.png\" alt=\"3\ufe0f\u20e3\" width=\"16\" height=\"16\" \/><\/span>Boris ESTRINE 17min02 : son record perso est de 16min09 r\u00e9alis\u00e9 en 2022.<\/div><\/div><div dir=\"auto\"><span style=\"text-decoration: underline;\">R\u00e9sultats 10km f\u00e9minin :<\/span><\/div><div dir=\"auto\"><span class=\"x3nfvp2 x1j61x8r x1fcty0u xdj266r xhhsvwb xat24cr xgzva0m xxymvpz xlup9mm x1kky2od\"><img decoding=\"async\" class=\"xz74otr\" src=\"https:\/\/static.xx.fbcdn.net\/images\/emoji.php\/v9\/t59\/2\/16\/31_20e3.png\" alt=\"1\ufe0f\u20e3\" width=\"16\" height=\"16\" \/><\/span>Lorine CHRETIEN 43min05 : d\u00e9j\u00e0 vainqueure du 5km, elle a encha\u00een\u00e9 sur le 10km en mode totale ma\u00eetrise. Il y a 2 semaines elle a termin\u00e9 87e des championnats de France de 10km \u00e0 Roanne en 37min56 \u2026tr\u00e8s loin donc de son chrono \u00e0 Ham<\/div><div dir=\"auto\"><span class=\"x3nfvp2 x1j61x8r x1fcty0u xdj266r xhhsvwb xat24cr xgzva0m xxymvpz xlup9mm x1kky2od\"><img loading=\"lazy\" decoding=\"async\" class=\"xz74otr\" src=\"https:\/\/static.xx.fbcdn.net\/images\/emoji.php\/v9\/t78\/2\/16\/32_20e3.png\" alt=\"2\ufe0f\u20e3\" width=\"16\" height=\"16\" \/><\/span>Anne Claire VENUCCA 47min03\u00a0<\/div><div dir=\"auto\"><span class=\"x3nfvp2 x1j61x8r x1fcty0u xdj266r xhhsvwb xat24cr xgzva0m xxymvpz xlup9mm x1kky2od\"><img loading=\"lazy\" decoding=\"async\" class=\"xz74otr\" src=\"https:\/\/static.xx.fbcdn.net\/images\/emoji.php\/v9\/t97\/2\/16\/33_20e3.png\" alt=\"3\ufe0f\u20e3\" width=\"16\" height=\"16\" \/><\/span>Nicole MELIN 47min23 : \u00e0 55ans la forme est toujours l\u00e0.<\/div><div dir=\"auto\"><span style=\"text-decoration: underline;\">R\u00e9sultats 10km masculin :\u00a0<\/span><\/div><div dir=\"auto\"><div dir=\"auto\"><span class=\"x3nfvp2 x1j61x8r x1fcty0u xdj266r xhhsvwb xat24cr xgzva0m xxymvpz xlup9mm x1kky2od\"><img decoding=\"async\" class=\"xz74otr\" src=\"https:\/\/static.xx.fbcdn.net\/images\/emoji.php\/v9\/t59\/2\/16\/31_20e3.png\" alt=\"1\ufe0f\u20e3\" width=\"16\" height=\"16\" \/><\/span>Yann DEGRAEVE 33min47 : Vainqueur l\u2019an dernier en 34min10 il r\u00e9alise le doubl\u00e9 avec pr\u00e8s d\u2019une minute d\u2019avance, une course parfaite pour cet homme sponsor d\u2019Ham\u2019N tes baskets via son magasin de cycles.<\/div><div dir=\"auto\"><span class=\"x3nfvp2 x1j61x8r x1fcty0u xdj266r xhhsvwb xat24cr xgzva0m xxymvpz xlup9mm x1kky2od\"><img loading=\"lazy\" decoding=\"async\" class=\"xz74otr\" src=\"https:\/\/static.xx.fbcdn.net\/images\/emoji.php\/v9\/t78\/2\/16\/32_20e3.png\" alt=\"2\ufe0f\u20e3\" width=\"16\" height=\"16\" \/><\/span>Paul MAES 34min47 : il a couru le 59km NTMF le week end pr\u00e9c\u00e9dent et n\u2019\u00e9tait pas dans un bon jour loin de son record perso de 30min57. Venu avant tout pour faire plaisir \u00e0 l\u2019organisateur. Merci Paulo!<\/div><div dir=\"auto\"><span class=\"x3nfvp2 x1j61x8r x1fcty0u xdj266r xhhsvwb xat24cr xgzva0m xxymvpz xlup9mm x1kky2od\"><img loading=\"lazy\" decoding=\"async\" class=\"xz74otr\" src=\"https:\/\/static.xx.fbcdn.net\/images\/emoji.php\/v9\/t97\/2\/16\/33_20e3.png\" alt=\"3\ufe0f\u20e3\" width=\"16\" height=\"16\" \/><\/span>Nicolas MONTADOR 35min25 : un tr\u00e8s bon coureur r\u00e9gional licenci\u00e9 \u00e0 Boulogne sur mer, il a r\u00e9alis\u00e9 un chrono de 33min15 en mars dernier \u00e0 Fleurbaix.\u00a0<\/div><\/div><div>\u00a0<\/div><div>Pour suivre toutes les infos, suivez notre page <a href=\"https:\/\/www.facebook.com\/hamntesbaskets\/?locale=fr_FR\">FACEBOOK<\/a>.\u00a0<\/div>\t\t\t\t\t\t\t\t<\/div>\n\t\t\t\t<\/div>\n\t\t\t\t\t<\/div>\n\t\t\t\t<\/div>\n\t\t\t\t<\/div>\n\t\t","protected":false},"excerpt":{"rendered":"<p>Cette 8\u00e8me \u00e9dition d\u00e9di\u00e9e \u00e0 notre Ham&rsquo;i b\u00e9n\u00e9vole Eric d\u00e9c\u00e9d\u00e9 en aout 2023 a \u00e9t\u00e9 une belle r\u00e9ussite.\u00a0 696 participants ont foul\u00e9 le sol d&rsquo;Ham en Artois sur les diff\u00e9rentes course et marches, ce qui en fait un record de participation !\u00a0 \u00a0475 marcheurs\/trailers : 213 sur le 25km \/ 147 sur le 15km \/ 115 sur le 7km 221 coureurs : 101 sur le 10km \/ 58 sur le 5km \/ 15 sur le 2500m \/ 6 sur le 1300m \/ 41 sur le 750m. Pour cette 8\u00e8me \u00e9dition, Ham&rsquo;N tes baskets a connu ses premi\u00e8res gouttes de pluie mais heureusement tr\u00e8s peu mais beaucoup de vent et un froid assez persistant, une m\u00e9t\u00e9o pas tr\u00e8s favorable aux performances chronom\u00e9triques.\u00a0 Les Marcheurs\/trailers sont venus en nombre des quatre coins de la r\u00e9gion, ils ont \u00e9t\u00e9 conquis par les parcours propos\u00e9s ainsi que la qualit\u00e9 des ravitaillements. Les retours sont tr\u00e8s positifs, merci \u00e0 tous pour votre participation et bonne humeur ! Nous avions promis de remettre 1 euro par inscription aux marches \u00e0 l&rsquo;association Un grand OUI pour Louis, ce que nous avons fait avec la remise d&rsquo;un ch\u00e8que de 475euros.\u00a0 Un grand MERCI \u00e0 tous les participants, b\u00e9n\u00e9voles, sponsors, municipalit\u00e9, la CABBALR, les services techniques de Lillers et l&rsquo;asso Sur les traces de David. Gr\u00e2ce \u00e0 vous tous, cette journ\u00e9e a \u00e9t\u00e9 magique !\u00a0 Toutes les photos de cette belle matin\u00e9e sont \u00e0 retrouver ICI. Merci \u00e0 nos photographes Calypso et St\u00e9phane. Les r\u00e9sultats des courses sont \u00e0 retrouver ICI. Bravo \u00e0 tous pour votre performance! Pour nous le dernier a autant de m\u00e9rite que le premier.\u00a0 R\u00e9sultats Course 5km F\u00e9minin :Lorine CHRETIEN 18min59 : record de l\u2019\u00e9preuve et record personnel. En 2023 elle avait r\u00e9alis\u00e9 un chrono de 22min06. Certes le parcours \u00e9tait un peu plus rapide mais Lorine a tr\u00e8s bien progress\u00e9 en 1 an !Gaelle SCALABRE 20min06 : elle d\u00e9tenait le record de l\u2019\u00e9preuve en 19min56 en 2016. Apr\u00e8s un arr\u00eat elle revient \u00e0 son meilleur niveau.Celestine TROUESSIN 23min18 : pas tr\u00e8s loin de son record perso de 23min09.\u00a0R\u00e9sultats 5km masculin :Sebastien BERTHE 16min41 : son record perso est de 16min15 r\u00e9alis\u00e9 en mars dernier \u00e0 Lille.Yann DEGRAEVE 16min 42 : vainqueur l\u2019an dernier en \u202616min42 il r\u00e9alise exactement le m\u00eame chrono !Boris ESTRINE 17min02 : son record perso est de 16min09 r\u00e9alis\u00e9 en 2022.R\u00e9sultats 10km f\u00e9minin :Lorine CHRETIEN 43min05 : d\u00e9j\u00e0 vainqueure du 5km, elle a encha\u00een\u00e9 sur le 10km en mode totale ma\u00eetrise. Il y a 2 semaines elle a termin\u00e9 87e des championnats de France de 10km \u00e0 Roanne en 37min56 \u2026tr\u00e8s loin donc de son chrono \u00e0 HamAnne Claire VENUCCA 47min03\u00a0Nicole MELIN 47min23 : \u00e0 55ans la forme est toujours l\u00e0.R\u00e9sultats 10km masculin :\u00a0Yann DEGRAEVE 33min47 : Vainqueur l\u2019an dernier en 34min10 il r\u00e9alise le doubl\u00e9 avec pr\u00e8s d\u2019une minute d\u2019avance, une course parfaite pour cet homme sponsor d\u2019Ham\u2019N tes baskets via son magasin de cycles.Paul MAES 34min47 : il a couru le 59km NTMF le week end pr\u00e9c\u00e9dent et n\u2019\u00e9tait pas dans un bon jour loin de son record perso de 30min57. Venu avant tout pour faire plaisir \u00e0 l\u2019organisateur. Merci Paulo!Nicolas MONTADOR 35min25 : un tr\u00e8s bon coureur r\u00e9gional licenci\u00e9 \u00e0 Boulogne sur mer, il a r\u00e9alis\u00e9 un chrono de 33min15 en mars dernier \u00e0 Fleurbaix.\u00a0\u00a0Pour suivre toutes les infos, suivez notre page FACEBOOK.\u00a0<\/p>\n","protected":false},"author":1,"featured_media":1647,"comment_status":"open","ping_status":"open","sticky":false,"template":"","format":"standard","meta":{"site-sidebar-layout":"default","site-content-layout":"","ast-site-content-layout":"default","site-content-style":"default","site-sidebar-style":"default","ast-global-header-display":"","ast-banner-title-visibility":"","ast-main-header-display":"","ast-hfb-above-header-display":"","ast-hfb-below-header-display":"","ast-hfb-mobile-header-display":"","site-post-title":"","ast-breadcrumbs-content":"","ast-featured-img":"disabled","footer-sml-layout":"","theme-transparent-header-meta":"","adv-header-id-meta":"","stick-header-meta":"","header-above-stick-meta":"","header-main-stick-meta":"","header-below-stick-meta":"","astra-migrate-meta-layouts":"set","ast-page-background-enabled":"default","ast-page-background-meta":{"desktop":{"background-color":"","background-image":"","background-repeat":"repeat","background-position":"center center","background-size":"auto","background-attachment":"scroll","background-type":"","background-media":"","overlay-type":"","overlay-color":"","overlay-opacity":"","overlay-gradient":""},"tablet":{"background-color":"","background-image":"","background-repeat":"repeat","background-position":"center center","background-size":"auto","background-attachment":"scroll","background-type":"","background-media":"","overlay-type":"","overlay-color":"","overlay-opacity":"","overlay-gradient":""},"mobile":{"background-color":"","background-image":"","background-repeat":"repeat","background-position":"center center","background-size":"auto","background-attachment":"scroll","background-type":"","background-media":"","overlay-type":"","overlay-color":"","overlay-opacity":"","overlay-gradient":""}},"ast-content-background-meta":{"desktop":{"background-color":"var(--ast-global-color-5)","background-image":"","background-repeat":"repeat","background-position":"center center","background-size":"auto","background-attachment":"scroll","background-type":"","background-media":"","overlay-type":"","overlay-color":"","overlay-opacity":"","overlay-gradient":""},"tablet":{"background-color":"var(--ast-global-color-5)","background-image":"","background-repeat":"repeat","background-position":"center center","background-size":"auto","background-attachment":"scroll","background-type":"","background-media":"","overlay-type":"","overlay-color":"","overlay-opacity":"","overlay-gradient":""},"mobile":{"background-color":"var(--ast-global-color-5)","background-image":"","background-repeat":"repeat","background-position":"center center","background-size":"auto","background-attachment":"scroll","background-type":"","background-media":"","overlay-type":"","overlay-color":"","overlay-opacity":"","overlay-gradient":""}},"footnotes":""},"categories":[1],"tags":[],"class_list":["post-1646","post","type-post","status-publish","format-standard","has-post-thumbnail","hentry","category-blog"],"yoast_head":"<!-- This site is optimized with the Yoast SEO plugin v25.3 - https:\/\/yoast.com\/wordpress\/plugins\/seo\/ -->\n<title>Belle r\u00e9ussite pour cette 8\u00e8me \u00e9dition ! | Ham&#039;N tes baskets<\/title>\n<meta name=\"robots\" content=\"index, follow, max-snippet:-1, max-image-preview:large, max-video-preview:-1\" \/>\n<link rel=\"canonical\" href=\"https:\/\/hamntesbaskets.fr\/hamntesbaskets\/belle-reussite-pour-cette-8eme-edition\/\" \/>\n<meta property=\"og:locale\" content=\"fr_FR\" \/>\n<meta property=\"og:type\" content=\"article\" \/>\n<meta property=\"og:title\" content=\"Belle r\u00e9ussite pour cette 8\u00e8me \u00e9dition ! | Ham&#039;N tes baskets\" \/>\n<meta property=\"og:description\" content=\"Cette 8\u00e8me \u00e9dition d\u00e9di\u00e9e \u00e0 notre Ham&rsquo;i b\u00e9n\u00e9vole Eric d\u00e9c\u00e9d\u00e9 en aout 2023 a \u00e9t\u00e9 une belle r\u00e9ussite.\u00a0 696 participants ont foul\u00e9 le sol d&rsquo;Ham en Artois sur les diff\u00e9rentes course et marches, ce qui en fait un record de participation !\u00a0 \u00a0475 marcheurs\/trailers : 213 sur le 25km \/ 147 sur le 15km \/ 115 sur le 7km 221 coureurs : 101 sur le 10km \/ 58 sur le 5km \/ 15 sur le 2500m \/ 6 sur le 1300m \/ 41 sur le 750m. Pour cette 8\u00e8me \u00e9dition, Ham&rsquo;N tes baskets a connu ses premi\u00e8res gouttes de pluie mais heureusement tr\u00e8s peu mais beaucoup de vent et un froid assez persistant, une m\u00e9t\u00e9o pas tr\u00e8s favorable aux performances chronom\u00e9triques.\u00a0 Les Marcheurs\/trailers sont venus en nombre des quatre coins de la r\u00e9gion, ils ont \u00e9t\u00e9 conquis par les parcours propos\u00e9s ainsi que la qualit\u00e9 des ravitaillements. Les retours sont tr\u00e8s positifs, merci \u00e0 tous pour votre participation et bonne humeur ! Nous avions promis de remettre 1 euro par inscription aux marches \u00e0 l&rsquo;association Un grand OUI pour Louis, ce que nous avons fait avec la remise d&rsquo;un ch\u00e8que de 475euros.\u00a0 Un grand MERCI \u00e0 tous les participants, b\u00e9n\u00e9voles, sponsors, municipalit\u00e9, la CABBALR, les services techniques de Lillers et l&rsquo;asso Sur les traces de David. Gr\u00e2ce \u00e0 vous tous, cette journ\u00e9e a \u00e9t\u00e9 magique !\u00a0 Toutes les photos de cette belle matin\u00e9e sont \u00e0 retrouver ICI. Merci \u00e0 nos photographes Calypso et St\u00e9phane. Les r\u00e9sultats des courses sont \u00e0 retrouver ICI. Bravo \u00e0 tous pour votre performance! Pour nous le dernier a autant de m\u00e9rite que le premier.\u00a0 R\u00e9sultats Course 5km F\u00e9minin :Lorine CHRETIEN 18min59 : record de l\u2019\u00e9preuve et record personnel. En 2023 elle avait r\u00e9alis\u00e9 un chrono de 22min06. Certes le parcours \u00e9tait un peu plus rapide mais Lorine a tr\u00e8s bien progress\u00e9 en 1 an !Gaelle SCALABRE 20min06 : elle d\u00e9tenait le record de l\u2019\u00e9preuve en 19min56 en 2016. Apr\u00e8s un arr\u00eat elle revient \u00e0 son meilleur niveau.Celestine TROUESSIN 23min18 : pas tr\u00e8s loin de son record perso de 23min09.\u00a0R\u00e9sultats 5km masculin :Sebastien BERTHE 16min41 : son record perso est de 16min15 r\u00e9alis\u00e9 en mars dernier \u00e0 Lille.Yann DEGRAEVE 16min 42 : vainqueur l\u2019an dernier en \u202616min42 il r\u00e9alise exactement le m\u00eame chrono !Boris ESTRINE 17min02 : son record perso est de 16min09 r\u00e9alis\u00e9 en 2022.R\u00e9sultats 10km f\u00e9minin :Lorine CHRETIEN 43min05 : d\u00e9j\u00e0 vainqueure du 5km, elle a encha\u00een\u00e9 sur le 10km en mode totale ma\u00eetrise. Il y a 2 semaines elle a termin\u00e9 87e des championnats de France de 10km \u00e0 Roanne en 37min56 \u2026tr\u00e8s loin donc de son chrono \u00e0 HamAnne Claire VENUCCA 47min03\u00a0Nicole MELIN 47min23 : \u00e0 55ans la forme est toujours l\u00e0.R\u00e9sultats 10km masculin :\u00a0Yann DEGRAEVE 33min47 : Vainqueur l\u2019an dernier en 34min10 il r\u00e9alise le doubl\u00e9 avec pr\u00e8s d\u2019une minute d\u2019avance, une course parfaite pour cet homme sponsor d\u2019Ham\u2019N tes baskets via son magasin de cycles.Paul MAES 34min47 : il a couru le 59km NTMF le week end pr\u00e9c\u00e9dent et n\u2019\u00e9tait pas dans un bon jour loin de son record perso de 30min57. Venu avant tout pour faire plaisir \u00e0 l\u2019organisateur. Merci Paulo!Nicolas MONTADOR 35min25 : un tr\u00e8s bon coureur r\u00e9gional licenci\u00e9 \u00e0 Boulogne sur mer, il a r\u00e9alis\u00e9 un chrono de 33min15 en mars dernier \u00e0 Fleurbaix.\u00a0\u00a0Pour suivre toutes les infos, suivez notre page FACEBOOK.\u00a0\" \/>\n<meta property=\"og:url\" content=\"https:\/\/hamntesbaskets.fr\/hamntesbaskets\/belle-reussite-pour-cette-8eme-edition\/\" \/>\n<meta property=\"og:site_name\" content=\"Ham&#039;N tes baskets\" \/>\n<meta property=\"article:publisher\" content=\"https:\/\/www.facebook.com\/hamntesbaskets\/\" \/>\n<meta property=\"article:published_time\" content=\"2024-05-01T06:14:00+00:00\" \/>\n<meta property=\"og:image\" content=\"https:\/\/hamntesbaskets.fr\/hamntesbaskets\/wp-content\/uploads\/2024\/04\/DSC_1844-scaled.jpg\" \/>\n\t<meta property=\"og:image:width\" content=\"2560\" \/>\n\t<meta property=\"og:image:height\" content=\"1696\" \/>\n\t<meta property=\"og:image:type\" content=\"image\/jpeg\" \/>\n<meta name=\"author\" content=\"hamntesbaskets.fr\" \/>\n<meta name=\"twitter:card\" content=\"summary_large_image\" \/>\n<meta name=\"twitter:label1\" content=\"\u00c9crit par\" \/>\n\t<meta name=\"twitter:data1\" content=\"hamntesbaskets.fr\" \/>\n\t<meta name=\"twitter:label2\" content=\"Dur\u00e9e de lecture estim\u00e9e\" \/>\n\t<meta name=\"twitter:data2\" content=\"6 minutes\" \/>\n<script type=\"application\/ld+json\" class=\"yoast-schema-graph\">{\"@context\":\"https:\/\/schema.org\",\"@graph\":[{\"@type\":\"Article\",\"@id\":\"https:\/\/hamntesbaskets.fr\/hamntesbaskets\/belle-reussite-pour-cette-8eme-edition\/#article\",\"isPartOf\":{\"@id\":\"https:\/\/hamntesbaskets.fr\/hamntesbaskets\/belle-reussite-pour-cette-8eme-edition\/\"},\"author\":{\"name\":\"hamntesbaskets.fr\",\"@id\":\"https:\/\/hamntesbaskets.fr\/hamntesbaskets\/#\/schema\/person\/11c9af78c2c9f7024554cd4f17dd12b8\"},\"headline\":\"Belle r\u00e9ussite pour cette 8\u00e8me \u00e9dition !\",\"datePublished\":\"2024-05-01T06:14:00+00:00\",\"mainEntityOfPage\":{\"@id\":\"https:\/\/hamntesbaskets.fr\/hamntesbaskets\/belle-reussite-pour-cette-8eme-edition\/\"},\"wordCount\":584,\"commentCount\":0,\"publisher\":{\"@id\":\"https:\/\/hamntesbaskets.fr\/hamntesbaskets\/#organization\"},\"image\":{\"@id\":\"https:\/\/hamntesbaskets.fr\/hamntesbaskets\/belle-reussite-pour-cette-8eme-edition\/#primaryimage\"},\"thumbnailUrl\":\"https:\/\/hamntesbaskets.fr\/hamntesbaskets\/wp-content\/uploads\/2024\/04\/DSC_1844-scaled.jpg\",\"articleSection\":[\"Blog\"],\"inLanguage\":\"fr-FR\",\"potentialAction\":[{\"@type\":\"CommentAction\",\"name\":\"Comment\",\"target\":[\"https:\/\/hamntesbaskets.fr\/hamntesbaskets\/belle-reussite-pour-cette-8eme-edition\/#respond\"]}]},{\"@type\":\"WebPage\",\"@id\":\"https:\/\/hamntesbaskets.fr\/hamntesbaskets\/belle-reussite-pour-cette-8eme-edition\/\",\"url\":\"https:\/\/hamntesbaskets.fr\/hamntesbaskets\/belle-reussite-pour-cette-8eme-edition\/\",\"name\":\"Belle r\u00e9ussite pour cette 8\u00e8me \u00e9dition ! | Ham&#039;N tes baskets\",\"isPartOf\":{\"@id\":\"https:\/\/hamntesbaskets.fr\/hamntesbaskets\/#website\"},\"primaryImageOfPage\":{\"@id\":\"https:\/\/hamntesbaskets.fr\/hamntesbaskets\/belle-reussite-pour-cette-8eme-edition\/#primaryimage\"},\"image\":{\"@id\":\"https:\/\/hamntesbaskets.fr\/hamntesbaskets\/belle-reussite-pour-cette-8eme-edition\/#primaryimage\"},\"thumbnailUrl\":\"https:\/\/hamntesbaskets.fr\/hamntesbaskets\/wp-content\/uploads\/2024\/04\/DSC_1844-scaled.jpg\",\"datePublished\":\"2024-05-01T06:14:00+00:00\",\"breadcrumb\":{\"@id\":\"https:\/\/hamntesbaskets.fr\/hamntesbaskets\/belle-reussite-pour-cette-8eme-edition\/#breadcrumb\"},\"inLanguage\":\"fr-FR\",\"potentialAction\":[{\"@type\":\"ReadAction\",\"target\":[\"https:\/\/hamntesbaskets.fr\/hamntesbaskets\/belle-reussite-pour-cette-8eme-edition\/\"]}]},{\"@type\":\"ImageObject\",\"inLanguage\":\"fr-FR\",\"@id\":\"https:\/\/hamntesbaskets.fr\/hamntesbaskets\/belle-reussite-pour-cette-8eme-edition\/#primaryimage\",\"url\":\"https:\/\/hamntesbaskets.fr\/hamntesbaskets\/wp-content\/uploads\/2024\/04\/DSC_1844-scaled.jpg\",\"contentUrl\":\"https:\/\/hamntesbaskets.fr\/hamntesbaskets\/wp-content\/uploads\/2024\/04\/DSC_1844-scaled.jpg\",\"width\":2560,\"height\":1696},{\"@type\":\"BreadcrumbList\",\"@id\":\"https:\/\/hamntesbaskets.fr\/hamntesbaskets\/belle-reussite-pour-cette-8eme-edition\/#breadcrumb\",\"itemListElement\":[{\"@type\":\"ListItem\",\"position\":1,\"name\":\"Accueil\",\"item\":\"https:\/\/hamntesbaskets.fr\/hamntesbaskets\/\"},{\"@type\":\"ListItem\",\"position\":2,\"name\":\"Belle r\u00e9ussite pour cette 8\u00e8me \u00e9dition !\"}]},{\"@type\":\"WebSite\",\"@id\":\"https:\/\/hamntesbaskets.fr\/hamntesbaskets\/#website\",\"url\":\"https:\/\/hamntesbaskets.fr\/hamntesbaskets\/\",\"name\":\"Ham'N tes baskets\",\"description\":\"Et surtout ne les oublie pas!\",\"publisher\":{\"@id\":\"https:\/\/hamntesbaskets.fr\/hamntesbaskets\/#organization\"},\"potentialAction\":[{\"@type\":\"SearchAction\",\"target\":{\"@type\":\"EntryPoint\",\"urlTemplate\":\"https:\/\/hamntesbaskets.fr\/hamntesbaskets\/?s={search_term_string}\"},\"query-input\":{\"@type\":\"PropertyValueSpecification\",\"valueRequired\":true,\"valueName\":\"search_term_string\"}}],\"inLanguage\":\"fr-FR\"},{\"@type\":\"Organization\",\"@id\":\"https:\/\/hamntesbaskets.fr\/hamntesbaskets\/#organization\",\"name\":\"Ham'N tes baskets\",\"url\":\"https:\/\/hamntesbaskets.fr\/hamntesbaskets\/\",\"logo\":{\"@type\":\"ImageObject\",\"inLanguage\":\"fr-FR\",\"@id\":\"https:\/\/hamntesbaskets.fr\/hamntesbaskets\/#\/schema\/logo\/image\/\",\"url\":\"https:\/\/hamntesbaskets.fr\/hamntesbaskets\/wp-content\/uploads\/2024\/02\/cropped-Logo-coureur-face-png.png\",\"contentUrl\":\"https:\/\/hamntesbaskets.fr\/hamntesbaskets\/wp-content\/uploads\/2024\/02\/cropped-Logo-coureur-face-png.png\",\"width\":1085,\"height\":748,\"caption\":\"Ham'N tes baskets\"},\"image\":{\"@id\":\"https:\/\/hamntesbaskets.fr\/hamntesbaskets\/#\/schema\/logo\/image\/\"},\"sameAs\":[\"https:\/\/www.facebook.com\/hamntesbaskets\/\",\"http:\/\/www.instagram.com\/hamntesbaskets\"]},{\"@type\":\"Person\",\"@id\":\"https:\/\/hamntesbaskets.fr\/hamntesbaskets\/#\/schema\/person\/11c9af78c2c9f7024554cd4f17dd12b8\",\"name\":\"hamntesbaskets.fr\",\"image\":{\"@type\":\"ImageObject\",\"inLanguage\":\"fr-FR\",\"@id\":\"https:\/\/hamntesbaskets.fr\/hamntesbaskets\/#\/schema\/person\/image\/\",\"url\":\"https:\/\/secure.gravatar.com\/avatar\/8098cdd89b18f85221346aa901775b0ccd5cce96327b5177c47050e3afbb8c32?s=96&d=mm&r=g\",\"contentUrl\":\"https:\/\/secure.gravatar.com\/avatar\/8098cdd89b18f85221346aa901775b0ccd5cce96327b5177c47050e3afbb8c32?s=96&d=mm&r=g\",\"caption\":\"hamntesbaskets.fr\"},\"sameAs\":[\"https:\/\/hamntesbaskets.fr\/hamntesbaskets\"],\"url\":\"https:\/\/hamntesbaskets.fr\/hamntesbaskets\/author\/hamntesbaskets-fr\/\"}]}<\/script>\n<!-- \/ Yoast SEO plugin. -->","yoast_head_json":{"title":"Belle r\u00e9ussite pour cette 8\u00e8me \u00e9dition ! | Ham&#039;N tes baskets","robots":{"index":"index","follow":"follow","max-snippet":"max-snippet:-1","max-image-preview":"max-image-preview:large","max-video-preview":"max-video-preview:-1"},"canonical":"https:\/\/hamntesbaskets.fr\/hamntesbaskets\/belle-reussite-pour-cette-8eme-edition\/","og_locale":"fr_FR","og_type":"article","og_title":"Belle r\u00e9ussite pour cette 8\u00e8me \u00e9dition ! | Ham&#039;N tes baskets","og_description":"Cette 8\u00e8me \u00e9dition d\u00e9di\u00e9e \u00e0 notre Ham&rsquo;i b\u00e9n\u00e9vole Eric d\u00e9c\u00e9d\u00e9 en aout 2023 a \u00e9t\u00e9 une belle r\u00e9ussite.\u00a0 696 participants ont foul\u00e9 le sol d&rsquo;Ham en Artois sur les diff\u00e9rentes course et marches, ce qui en fait un record de participation !\u00a0 \u00a0475 marcheurs\/trailers : 213 sur le 25km \/ 147 sur le 15km \/ 115 sur le 7km 221 coureurs : 101 sur le 10km \/ 58 sur le 5km \/ 15 sur le 2500m \/ 6 sur le 1300m \/ 41 sur le 750m. Pour cette 8\u00e8me \u00e9dition, Ham&rsquo;N tes baskets a connu ses premi\u00e8res gouttes de pluie mais heureusement tr\u00e8s peu mais beaucoup de vent et un froid assez persistant, une m\u00e9t\u00e9o pas tr\u00e8s favorable aux performances chronom\u00e9triques.\u00a0 Les Marcheurs\/trailers sont venus en nombre des quatre coins de la r\u00e9gion, ils ont \u00e9t\u00e9 conquis par les parcours propos\u00e9s ainsi que la qualit\u00e9 des ravitaillements. Les retours sont tr\u00e8s positifs, merci \u00e0 tous pour votre participation et bonne humeur ! Nous avions promis de remettre 1 euro par inscription aux marches \u00e0 l&rsquo;association Un grand OUI pour Louis, ce que nous avons fait avec la remise d&rsquo;un ch\u00e8que de 475euros.\u00a0 Un grand MERCI \u00e0 tous les participants, b\u00e9n\u00e9voles, sponsors, municipalit\u00e9, la CABBALR, les services techniques de Lillers et l&rsquo;asso Sur les traces de David. Gr\u00e2ce \u00e0 vous tous, cette journ\u00e9e a \u00e9t\u00e9 magique !\u00a0 Toutes les photos de cette belle matin\u00e9e sont \u00e0 retrouver ICI. Merci \u00e0 nos photographes Calypso et St\u00e9phane. Les r\u00e9sultats des courses sont \u00e0 retrouver ICI. Bravo \u00e0 tous pour votre performance! Pour nous le dernier a autant de m\u00e9rite que le premier.\u00a0 R\u00e9sultats Course 5km F\u00e9minin :Lorine CHRETIEN 18min59 : record de l\u2019\u00e9preuve et record personnel. En 2023 elle avait r\u00e9alis\u00e9 un chrono de 22min06. Certes le parcours \u00e9tait un peu plus rapide mais Lorine a tr\u00e8s bien progress\u00e9 en 1 an !Gaelle SCALABRE 20min06 : elle d\u00e9tenait le record de l\u2019\u00e9preuve en 19min56 en 2016. Apr\u00e8s un arr\u00eat elle revient \u00e0 son meilleur niveau.Celestine TROUESSIN 23min18 : pas tr\u00e8s loin de son record perso de 23min09.\u00a0R\u00e9sultats 5km masculin :Sebastien BERTHE 16min41 : son record perso est de 16min15 r\u00e9alis\u00e9 en mars dernier \u00e0 Lille.Yann DEGRAEVE 16min 42 : vainqueur l\u2019an dernier en \u202616min42 il r\u00e9alise exactement le m\u00eame chrono !Boris ESTRINE 17min02 : son record perso est de 16min09 r\u00e9alis\u00e9 en 2022.R\u00e9sultats 10km f\u00e9minin :Lorine CHRETIEN 43min05 : d\u00e9j\u00e0 vainqueure du 5km, elle a encha\u00een\u00e9 sur le 10km en mode totale ma\u00eetrise. Il y a 2 semaines elle a termin\u00e9 87e des championnats de France de 10km \u00e0 Roanne en 37min56 \u2026tr\u00e8s loin donc de son chrono \u00e0 HamAnne Claire VENUCCA 47min03\u00a0Nicole MELIN 47min23 : \u00e0 55ans la forme est toujours l\u00e0.R\u00e9sultats 10km masculin :\u00a0Yann DEGRAEVE 33min47 : Vainqueur l\u2019an dernier en 34min10 il r\u00e9alise le doubl\u00e9 avec pr\u00e8s d\u2019une minute d\u2019avance, une course parfaite pour cet homme sponsor d\u2019Ham\u2019N tes baskets via son magasin de cycles.Paul MAES 34min47 : il a couru le 59km NTMF le week end pr\u00e9c\u00e9dent et n\u2019\u00e9tait pas dans un bon jour loin de son record perso de 30min57. Venu avant tout pour faire plaisir \u00e0 l\u2019organisateur. Merci Paulo!Nicolas MONTADOR 35min25 : un tr\u00e8s bon coureur r\u00e9gional licenci\u00e9 \u00e0 Boulogne sur mer, il a r\u00e9alis\u00e9 un chrono de 33min15 en mars dernier \u00e0 Fleurbaix.\u00a0\u00a0Pour suivre toutes les infos, suivez notre page FACEBOOK.\u00a0","og_url":"https:\/\/hamntesbaskets.fr\/hamntesbaskets\/belle-reussite-pour-cette-8eme-edition\/","og_site_name":"Ham&#039;N tes baskets","article_publisher":"https:\/\/www.facebook.com\/hamntesbaskets\/","article_published_time":"2024-05-01T06:14:00+00:00","og_image":[{"width":2560,"height":1696,"url":"https:\/\/hamntesbaskets.fr\/hamntesbaskets\/wp-content\/uploads\/2024\/04\/DSC_1844-scaled.jpg","type":"image\/jpeg"}],"author":"hamntesbaskets.fr","twitter_card":"summary_large_image","twitter_misc":{"\u00c9crit par":"hamntesbaskets.fr","Dur\u00e9e de lecture estim\u00e9e":"6 minutes"},"schema":{"@context":"https:\/\/schema.org","@graph":[{"@type":"Article","@id":"https:\/\/hamntesbaskets.fr\/hamntesbaskets\/belle-reussite-pour-cette-8eme-edition\/#article","isPartOf":{"@id":"https:\/\/hamntesbaskets.fr\/hamntesbaskets\/belle-reussite-pour-cette-8eme-edition\/"},"author":{"name":"hamntesbaskets.fr","@id":"https:\/\/hamntesbaskets.fr\/hamntesbaskets\/#\/schema\/person\/11c9af78c2c9f7024554cd4f17dd12b8"},"headline":"Belle r\u00e9ussite pour cette 8\u00e8me \u00e9dition !","datePublished":"2024-05-01T06:14:00+00:00","mainEntityOfPage":{"@id":"https:\/\/hamntesbaskets.fr\/hamntesbaskets\/belle-reussite-pour-cette-8eme-edition\/"},"wordCount":584,"commentCount":0,"publisher":{"@id":"https:\/\/hamntesbaskets.fr\/hamntesbaskets\/#organization"},"image":{"@id":"https:\/\/hamntesbaskets.fr\/hamntesbaskets\/belle-reussite-pour-cette-8eme-edition\/#primaryimage"},"thumbnailUrl":"https:\/\/hamntesbaskets.fr\/hamntesbaskets\/wp-content\/uploads\/2024\/04\/DSC_1844-scaled.jpg","articleSection":["Blog"],"inLanguage":"fr-FR","potentialAction":[{"@type":"CommentAction","name":"Comment","target":["https:\/\/hamntesbaskets.fr\/hamntesbaskets\/belle-reussite-pour-cette-8eme-edition\/#respond"]}]},{"@type":"WebPage","@id":"https:\/\/hamntesbaskets.fr\/hamntesbaskets\/belle-reussite-pour-cette-8eme-edition\/","url":"https:\/\/hamntesbaskets.fr\/hamntesbaskets\/belle-reussite-pour-cette-8eme-edition\/","name":"Belle r\u00e9ussite pour cette 8\u00e8me \u00e9dition ! | Ham&#039;N tes baskets","isPartOf":{"@id":"https:\/\/hamntesbaskets.fr\/hamntesbaskets\/#website"},"primaryImageOfPage":{"@id":"https:\/\/hamntesbaskets.fr\/hamntesbaskets\/belle-reussite-pour-cette-8eme-edition\/#primaryimage"},"image":{"@id":"https:\/\/hamntesbaskets.fr\/hamntesbaskets\/belle-reussite-pour-cette-8eme-edition\/#primaryimage"},"thumbnailUrl":"https:\/\/hamntesbaskets.fr\/hamntesbaskets\/wp-content\/uploads\/2024\/04\/DSC_1844-scaled.jpg","datePublished":"2024-05-01T06:14:00+00:00","breadcrumb":{"@id":"https:\/\/hamntesbaskets.fr\/hamntesbaskets\/belle-reussite-pour-cette-8eme-edition\/#breadcrumb"},"inLanguage":"fr-FR","potentialAction":[{"@type":"ReadAction","target":["https:\/\/hamntesbaskets.fr\/hamntesbaskets\/belle-reussite-pour-cette-8eme-edition\/"]}]},{"@type":"ImageObject","inLanguage":"fr-FR","@id":"https:\/\/hamntesbaskets.fr\/hamntesbaskets\/belle-reussite-pour-cette-8eme-edition\/#primaryimage","url":"https:\/\/hamntesbaskets.fr\/hamntesbaskets\/wp-content\/uploads\/2024\/04\/DSC_1844-scaled.jpg","contentUrl":"https:\/\/hamntesbaskets.fr\/hamntesbaskets\/wp-content\/uploads\/2024\/04\/DSC_1844-scaled.jpg","width":2560,"height":1696},{"@type":"BreadcrumbList","@id":"https:\/\/hamntesbaskets.fr\/hamntesbaskets\/belle-reussite-pour-cette-8eme-edition\/#breadcrumb","itemListElement":[{"@type":"ListItem","position":1,"name":"Accueil","item":"https:\/\/hamntesbaskets.fr\/hamntesbaskets\/"},{"@type":"ListItem","position":2,"name":"Belle r\u00e9ussite pour cette 8\u00e8me \u00e9dition !"}]},{"@type":"WebSite","@id":"https:\/\/hamntesbaskets.fr\/hamntesbaskets\/#website","url":"https:\/\/hamntesbaskets.fr\/hamntesbaskets\/","name":"Ham'N tes baskets","description":"Et surtout ne les oublie pas!","publisher":{"@id":"https:\/\/hamntesbaskets.fr\/hamntesbaskets\/#organization"},"potentialAction":[{"@type":"SearchAction","target":{"@type":"EntryPoint","urlTemplate":"https:\/\/hamntesbaskets.fr\/hamntesbaskets\/?s={search_term_string}"},"query-input":{"@type":"PropertyValueSpecification","valueRequired":true,"valueName":"search_term_string"}}],"inLanguage":"fr-FR"},{"@type":"Organization","@id":"https:\/\/hamntesbaskets.fr\/hamntesbaskets\/#organization","name":"Ham'N tes baskets","url":"https:\/\/hamntesbaskets.fr\/hamntesbaskets\/","logo":{"@type":"ImageObject","inLanguage":"fr-FR","@id":"https:\/\/hamntesbaskets.fr\/hamntesbaskets\/#\/schema\/logo\/image\/","url":"https:\/\/hamntesbaskets.fr\/hamntesbaskets\/wp-content\/uploads\/2024\/02\/cropped-Logo-coureur-face-png.png","contentUrl":"https:\/\/hamntesbaskets.fr\/hamntesbaskets\/wp-content\/uploads\/2024\/02\/cropped-Logo-coureur-face-png.png","width":1085,"height":748,"caption":"Ham'N tes baskets"},"image":{"@id":"https:\/\/hamntesbaskets.fr\/hamntesbaskets\/#\/schema\/logo\/image\/"},"sameAs":["https:\/\/www.facebook.com\/hamntesbaskets\/","http:\/\/www.instagram.com\/hamntesbaskets"]},{"@type":"Person","@id":"https:\/\/hamntesbaskets.fr\/hamntesbaskets\/#\/schema\/person\/11c9af78c2c9f7024554cd4f17dd12b8","name":"hamntesbaskets.fr","image":{"@type":"ImageObject","inLanguage":"fr-FR","@id":"https:\/\/hamntesbaskets.fr\/hamntesbaskets\/#\/schema\/person\/image\/","url":"https:\/\/secure.gravatar.com\/avatar\/8098cdd89b18f85221346aa901775b0ccd5cce96327b5177c47050e3afbb8c32?s=96&d=mm&r=g","contentUrl":"https:\/\/secure.gravatar.com\/avatar\/8098cdd89b18f85221346aa901775b0ccd5cce96327b5177c47050e3afbb8c32?s=96&d=mm&r=g","caption":"hamntesbaskets.fr"},"sameAs":["https:\/\/hamntesbaskets.fr\/hamntesbaskets"],"url":"https:\/\/hamntesbaskets.fr\/hamntesbaskets\/author\/hamntesbaskets-fr\/"}]}},"_links":{"self":[{"href":"https:\/\/hamntesbaskets.fr\/hamntesbaskets\/wp-json\/wp\/v2\/posts\/1646","targetHints":{"allow":["GET"]}}],"collection":[{"href":"https:\/\/hamntesbaskets.fr\/hamntesbaskets\/wp-json\/wp\/v2\/posts"}],"about":[{"href":"https:\/\/hamntesbaskets.fr\/hamntesbaskets\/wp-json\/wp\/v2\/types\/post"}],"author":[{"embeddable":true,"href":"https:\/\/hamntesbaskets.fr\/hamntesbaskets\/wp-json\/wp\/v2\/users\/1"}],"replies":[{"embeddable":true,"href":"https:\/\/hamntesbaskets.fr\/hamntesbaskets\/wp-json\/wp\/v2\/comments?post=1646"}],"version-history":[{"count":4,"href":"https:\/\/hamntesbaskets.fr\/hamntesbaskets\/wp-json\/wp\/v2\/posts\/1646\/revisions"}],"predecessor-version":[{"id":1653,"href":"https:\/\/hamntesbaskets.fr\/hamntesbaskets\/wp-json\/wp\/v2\/posts\/1646\/revisions\/1653"}],"wp:featuredmedia":[{"embeddable":true,"href":"https:\/\/hamntesbaskets.fr\/hamntesbaskets\/wp-json\/wp\/v2\/media\/1647"}],"wp:attachment":[{"href":"https:\/\/hamntesbaskets.fr\/hamntesbaskets\/wp-json\/wp\/v2\/media?parent=1646"}],"wp:term":[{"taxonomy":"category","embeddable":true,"href":"https:\/\/hamntesbaskets.fr\/hamntesbaskets\/wp-json\/wp\/v2\/categories?post=1646"},{"taxonomy":"post_tag","embeddable":true,"href":"https:\/\/hamntesbaskets.fr\/hamntesbaskets\/wp-json\/wp\/v2\/tags?post=1646"}],"curies":[{"name":"wp","href":"https:\/\/api.w.org\/{rel}","templated":true}]}}